{"id":32,"date":"2020-07-13T11:51:51","date_gmt":"2020-07-13T09:51:51","guid":{"rendered":"https:\/\/praxis-backhaus.de\/wordpress\/kosten\/"},"modified":"2023-05-17T20:44:26","modified_gmt":"2023-05-17T18:44:26","slug":"kosten","status":"publish","type":"post","link":"https:\/\/praxis-backhaus.de\/wordpress\/kosten\/","title":{"rendered":"Kosten"},"content":{"rendered":"\t\t<div data-elementor-type=\"wp-page\" data-elementor-id=\"32\" class=\"elementor elementor-32\" data-elementor-post-type=\"post\">\n\t\t\t\t\t\t<section class=\"ob-is-breaking-bad elementor-section elementor-top-section elementor-element elementor-element-229780ff elementor-section-boxed elementor-section-height-default elementor-section-height-default\" data-id=\"229780ff\" data-element_type=\"section\" data-e-type=\"section\" data-settings=\"{&quot;background_background&quot;:&quot;classic&quot;,&quot;_ob_bbad_use_it&quot;:&quot;yes&quot;,&quot;_ob_bbad_sssic_use&quot;:&quot;no&quot;,&quot;_ob_glider_is_slider&quot;:&quot;no&quot;}\">\n\t\t\t\t\t\t<div class=\"elementor-container elementor-column-gap-default\">\n\t\t\t\t\t<div class=\"elementor-column elementor-col-50 elementor-top-column elementor-element elementor-element-27bd3a0e\" data-id=\"27bd3a0e\" data-element_type=\"column\" data-e-type=\"column\" data-settings=\"{&quot;background_background&quot;:&quot;classic&quot;,&quot;_ob_bbad_is_stalker&quot;:&quot;no&quot;,&quot;_ob_teleporter_use&quot;:false,&quot;_ob_column_hoveranimator&quot;:&quot;no&quot;,&quot;_ob_column_has_pseudo&quot;:&quot;no&quot;}\">\n\t\t\t<div class=\"elementor-widget-wrap elementor-element-populated\">\n\t\t\t\t\t\t<div class=\"elementor-element elementor-element-4897a422 ob-harakiri-inherit ob-has-background-overlay elementor-widget elementor-widget-heading\" data-id=\"4897a422\" data-element_type=\"widget\" data-e-type=\"widget\" data-settings=\"{&quot;_ob_use_harakiri&quot;:&quot;yes&quot;,&quot;_ob_harakiri_writing_mode&quot;:&quot;inherit&quot;,&quot;_ob_harakiri_text_clip&quot;:&quot;none&quot;,&quot;_ob_perspektive_use&quot;:&quot;no&quot;,&quot;_ob_poopart_use&quot;:&quot;yes&quot;,&quot;_ob_shadough_use&quot;:&quot;no&quot;,&quot;_ob_allow_hoveranimator&quot;:&quot;no&quot;,&quot;_ob_widget_stalker_use&quot;:&quot;no&quot;}\" data-widget_type=\"heading.default\">\n\t\t\t\t<div class=\"elementor-widget-container\">\n\t\t\t\t\t<h1 class=\"elementor-heading-title elementor-size-default\">Kosten<\/h1>\t\t\t\t<\/div>\n\t\t\t\t<\/div>\n\t\t\t\t<div class=\"elementor-element elementor-element-668a394 ob-harakiri-inherit ob-has-background-overlay elementor-widget elementor-widget-text-editor\" data-id=\"668a394\" data-element_type=\"widget\" data-e-type=\"widget\" data-settings=\"{&quot;_ob_use_harakiri&quot;:&quot;yes&quot;,&quot;_ob_harakiri_writing_mode&quot;:&quot;inherit&quot;,&quot;_ob_postman_use&quot;:&quot;no&quot;,&quot;_ob_perspektive_use&quot;:&quot;no&quot;,&quot;_ob_poopart_use&quot;:&quot;yes&quot;,&quot;_ob_shadough_use&quot;:&quot;no&quot;,&quot;_ob_allow_hoveranimator&quot;:&quot;no&quot;,&quot;_ob_widget_stalker_use&quot;:&quot;no&quot;}\" data-widget_type=\"text-editor.default\">\n\t\t\t\t<div class=\"elementor-widget-container\">\n\t\t\t\t\t\t\t\t\t<p>In Zukunft wird systemische Therapie immer h\u00e4ufiger auch \u00fcber die gesetzliche Krankenkasse&nbsp;m\u00f6glich sein. Diese M\u00f6glichkeit befindet sich aber noch in der Aufbauphase (Etablierung an den Unis\u2026) Bei mir ist <b>keine Kostenerstattung \u00fcber die gesetzliche Krankenkasse m\u00f6glich.<\/b> Wenn Sie <b>privat<\/b> oder <b>zusatzversichert<\/b> sind, ist eine <b>teilweise Kostenerstattung<\/b> Ihrer Auslagen f\u00fcr eine Therapie durch Ihre Kasse <b>m\u00f6glich<\/b>, da ich auch als Heilpraktikerin f\u00fcr Psychotherapie zugelassen bin. Das sollten Sie bitte mit Ihrer Kasse im Vorfeld selbst abkl\u00e4ren. <b>Beratung und Coaching<\/b> im Zusammenhang mit dem Beruf kann normalerweise steuerlich geltend gemacht werden.<\/p>\n<p><\/p>\n<p><b><br><\/b><\/p>\n<p><b>Wenn Sie Anspruch auf eine kassenfinanzierte Therapie haben,<\/b> nutzen sie diese. Aber Vorsicht: das <b>kann leider auch erhebliche Nachteile mit sich bringen.<\/b> Sobald eine Kostenerstattung \u00fcber die Krankenkasse erfolgt, m\u00fcssen Sie als \u201epsychisch krank\u201c definiert werden &#8211; ohne Diagnose, kein Geld. Das bedeutet meist mindestens 5 Jahre, dass man nur erschwert oder mit erheblichen Risikozuschl\u00e4gen in eine private Krankenkasse wechseln oder eine Berufsunf\u00e4higkeits-, Krankentagegeld- oder Lebensversicherung abschlie\u00dfen kann. Auch bei einer Verbeamtung k\u00f6nnte es Komplikationen geben, da Sie verpflichtet sind, die Therapie bei der obligatorischen Gesundheitspr\u00fcfung anzugeben.<\/p>\n<p><\/p>\n<p><b><br><\/b><\/p>\n<p><b>Bei mir orientieren sich die Kosten pro Termin am Einkommen.<\/b> Das besprechen wir im pers\u00f6nlichen Gespr\u00e4ch. Der durchschnittliche Stundensatz liegt momentan bei 100 Euro. Je nach finanzieller Situation komme ich Ihnen kostenm\u00e4\u00dfig entgegen oder bitte Sie, einen h\u00f6heren Betrag zu zahlen.<\/p>\n<p><\/p>\n<p><br><\/p>\n<p>Da ich l\u00f6sungsorientiert arbeite, halten sich die <b>Kosten<\/b> normalerweise im <b>Rahmen<\/b>. Mit 5 bis 10 Sitzungen (manchmal auch nur einer) l\u00e4sst sich erfahrungsgem\u00e4\u00df sehr viel bewegen. Je nach Konstellation sind auch mehr Sitzungen wichtig. Wir planen gemeinsam eine machbare Finanzierung. Ich habe auch gute Erfahrungen mit Begleitungen gemacht, die die Zeit \u00fcberbr\u00fccken, bis ein kassenfinanzierter Therapieplatz bei dem\/der Wunschkolleg*in frei wird.<\/p>\n<p><\/p>\n<p><br><\/p>\n<p>Die Preise f\u00fcr <b>Supervision<\/b> und <b>Weiterbildung<\/b> sind davon abh\u00e4ngig ob sie f\u00fcr den <b>\u201eprofit\u201c<\/b> oder <b>\u201enon-profit-Bereich\u201c<\/b> angeboten werden. Bitte nachfragen.<\/p>\t\t\t\t\t\t\t\t<\/div>\n\t\t\t\t<\/div>\n\t\t\t\t\t<\/div>\n\t\t<\/div>\n\t\t\t\t<div class=\"elementor-column elementor-col-50 elementor-top-column elementor-element elementor-element-2cf9a781\" data-id=\"2cf9a781\" data-element_type=\"column\" data-e-type=\"column\" data-settings=\"{&quot;background_background&quot;:&quot;classic&quot;,&quot;_ob_bbad_is_stalker&quot;:&quot;no&quot;,&quot;_ob_teleporter_use&quot;:false,&quot;_ob_column_hoveranimator&quot;:&quot;no&quot;,&quot;_ob_column_has_pseudo&quot;:&quot;no&quot;}\">\n\t\t\t<div class=\"elementor-widget-wrap elementor-element-populated\">\n\t\t\t\t\t\t<div class=\"elementor-element elementor-element-c99c543 ob-has-background-overlay elementor-widget elementor-widget-image\" data-id=\"c99c543\" data-element_type=\"widget\" data-e-type=\"widget\" data-settings=\"{&quot;_ob_photomorph_use&quot;:&quot;no&quot;,&quot;_ob_perspektive_use&quot;:&quot;no&quot;,&quot;_ob_poopart_use&quot;:&quot;yes&quot;,&quot;_ob_shadough_use&quot;:&quot;no&quot;,&quot;_ob_allow_hoveranimator&quot;:&quot;no&quot;,&quot;_ob_widget_stalker_use&quot;:&quot;no&quot;}\" data-widget_type=\"image.default\">\n\t\t\t\t<div class=\"elementor-widget-container\">\n\t\t\t\t\t\t\t\t\t\t\t\t\t\t\t<img fetchpriority=\"high\" decoding=\"async\" width=\"640\" height=\"500\" src=\"https:\/\/praxis-backhaus.de\/wordpress\/wp-content\/uploads\/2020\/12\/feder.jpg\" class=\"attachment-large size-large wp-image-400\" alt=\"\" srcset=\"https:\/\/praxis-backhaus.de\/wordpress\/wp-content\/uploads\/2020\/12\/feder.jpg 640w, https:\/\/praxis-backhaus.de\/wordpress\/wp-content\/uploads\/2020\/12\/feder-300x234.jpg 300w\" sizes=\"(max-width: 640px) 100vw, 640px\" \/>\t\t\t\t\t\t\t\t\t\t\t\t\t\t\t<\/div>\n\t\t\t\t<\/div>\n\t\t\t\t\t<\/div>\n\t\t<\/div>\n\t\t\t\t\t<\/div>\n\t\t<\/section>\n\t\t\t\t<\/div>\n\t\t","protected":false},"excerpt":{"rendered":"<p>In Zukunft wird systemische Therapie immer h\u00e4ufiger auch \u00fcber die gesetzliche Krankenkasse&nbsp;m\u00f6glich sein. Diese M\u00f6glichkeit befindet sich aber noch in der Aufbauphase (Etablierung an den Unis\u2026) Bei mir ist keine Kostenerstattung \u00fcber die gesetzliche Krankenkasse m\u00f6glich. Wenn Sie privat oder zusatzversichert sind, ist eine teilweise Kostenerstattung Ihrer Auslagen f\u00fcr eine Therapie durch Ihre Kasse m\u00f6glich, [&hellip;]<\/p>\n","protected":false},"author":1,"featured_media":400,"comment_status":"closed","ping_status":"closed","sticky":false,"template":"","format":"standard","meta":{"footnotes":""},"categories":[34],"tags":[],"class_list":["post-32","post","type-post","status-publish","format-standard","has-post-thumbnail","hentry","category-weitere-infos"],"_links":{"self":[{"href":"https:\/\/praxis-backhaus.de\/wordpress\/wp-json\/wp\/v2\/posts\/32","targetHints":{"allow":["GET"]}}],"collection":[{"href":"https:\/\/praxis-backhaus.de\/wordpress\/wp-json\/wp\/v2\/posts"}],"about":[{"href":"https:\/\/praxis-backhaus.de\/wordpress\/wp-json\/wp\/v2\/types\/post"}],"author":[{"embeddable":true,"href":"https:\/\/praxis-backhaus.de\/wordpress\/wp-json\/wp\/v2\/users\/1"}],"replies":[{"embeddable":true,"href":"https:\/\/praxis-backhaus.de\/wordpress\/wp-json\/wp\/v2\/comments?post=32"}],"version-history":[{"count":26,"href":"https:\/\/praxis-backhaus.de\/wordpress\/wp-json\/wp\/v2\/posts\/32\/revisions"}],"predecessor-version":[{"id":1671,"href":"https:\/\/praxis-backhaus.de\/wordpress\/wp-json\/wp\/v2\/posts\/32\/revisions\/1671"}],"wp:featuredmedia":[{"embeddable":true,"href":"https:\/\/praxis-backhaus.de\/wordpress\/wp-json\/wp\/v2\/media\/400"}],"wp:attachment":[{"href":"https:\/\/praxis-backhaus.de\/wordpress\/wp-json\/wp\/v2\/media?parent=32"}],"wp:term":[{"taxonomy":"category","embeddable":true,"href":"https:\/\/praxis-backhaus.de\/wordpress\/wp-json\/wp\/v2\/categories?post=32"},{"taxonomy":"post_tag","embeddable":true,"href":"https:\/\/praxis-backhaus.de\/wordpress\/wp-json\/wp\/v2\/tags?post=32"}],"curies":[{"name":"wp","href":"https:\/\/api.w.org\/{rel}","templated":true}]}}