{"id":157,"date":"2020-07-13T13:29:32","date_gmt":"2020-07-13T11:29:32","guid":{"rendered":"https:\/\/praxis-backhaus.de\/wordpress\/?p=157"},"modified":"2021-08-04T22:00:24","modified_gmt":"2021-08-04T20:00:24","slug":"hochbegabung","status":"publish","type":"post","link":"https:\/\/praxis-backhaus.de\/wordpress\/hochbegabung\/","title":{"rendered":"Hochbegabung"},"content":{"rendered":"\t\t<div data-elementor-type=\"wp-post\" data-elementor-id=\"157\" class=\"elementor elementor-157\" data-elementor-post-type=\"post\">\n\t\t\t\t\t\t<section class=\"ob-is-breaking-bad elementor-section elementor-top-section elementor-element elementor-element-9fcbe41 elementor-section-boxed elementor-section-height-default elementor-section-height-default\" data-id=\"9fcbe41\" data-element_type=\"section\" data-e-type=\"section\" data-settings=\"{&quot;background_background&quot;:&quot;classic&quot;,&quot;_ob_bbad_use_it&quot;:&quot;yes&quot;,&quot;_ob_bbad_sssic_use&quot;:&quot;no&quot;,&quot;_ob_glider_is_slider&quot;:&quot;no&quot;}\">\n\t\t\t\t\t\t<div class=\"elementor-container elementor-column-gap-default\">\n\t\t\t\t\t<div class=\"elementor-column elementor-col-50 elementor-top-column elementor-element elementor-element-213c93e4\" data-id=\"213c93e4\" data-element_type=\"column\" data-e-type=\"column\" data-settings=\"{&quot;background_background&quot;:&quot;classic&quot;,&quot;_ob_bbad_is_stalker&quot;:&quot;no&quot;,&quot;_ob_teleporter_use&quot;:false,&quot;_ob_column_hoveranimator&quot;:&quot;no&quot;,&quot;_ob_column_has_pseudo&quot;:&quot;no&quot;}\">\n\t\t\t<div class=\"elementor-widget-wrap elementor-element-populated\">\n\t\t\t\t\t\t<div class=\"elementor-element elementor-element-aa4a687 ob-harakiri-inherit ob-has-background-overlay elementor-widget elementor-widget-heading\" data-id=\"aa4a687\" data-element_type=\"widget\" data-e-type=\"widget\" data-settings=\"{&quot;_ob_use_harakiri&quot;:&quot;yes&quot;,&quot;_ob_harakiri_writing_mode&quot;:&quot;inherit&quot;,&quot;_ob_harakiri_text_clip&quot;:&quot;none&quot;,&quot;_ob_perspektive_use&quot;:&quot;no&quot;,&quot;_ob_poopart_use&quot;:&quot;yes&quot;,&quot;_ob_shadough_use&quot;:&quot;no&quot;,&quot;_ob_allow_hoveranimator&quot;:&quot;no&quot;,&quot;_ob_widget_stalker_use&quot;:&quot;no&quot;}\" data-widget_type=\"heading.default\">\n\t\t\t\t<div class=\"elementor-widget-container\">\n\t\t\t\t\t<h1 class=\"elementor-heading-title elementor-size-default\">Hochbegabung<\/h1>\t\t\t\t<\/div>\n\t\t\t\t<\/div>\n\t\t\t\t<div class=\"elementor-element elementor-element-2797f86a ob-harakiri-inherit ob-has-background-overlay elementor-widget elementor-widget-text-editor\" data-id=\"2797f86a\" data-element_type=\"widget\" data-e-type=\"widget\" data-settings=\"{&quot;_ob_use_harakiri&quot;:&quot;yes&quot;,&quot;_ob_harakiri_writing_mode&quot;:&quot;inherit&quot;,&quot;_ob_postman_use&quot;:&quot;no&quot;,&quot;_ob_perspektive_use&quot;:&quot;no&quot;,&quot;_ob_poopart_use&quot;:&quot;yes&quot;,&quot;_ob_shadough_use&quot;:&quot;no&quot;,&quot;_ob_allow_hoveranimator&quot;:&quot;no&quot;,&quot;_ob_widget_stalker_use&quot;:&quot;no&quot;}\" data-widget_type=\"text-editor.default\">\n\t\t\t\t<div class=\"elementor-widget-container\">\n\t\t\t\t\t\t\t\t\t<p class=\"p1\"><b>Unterst\u00fctzung bei Schwierigkeiten im Zusammenhang mit intellektueller Hochbegabung<\/b><\/p>\n<p class=\"p2\"><b>Jedes Kind kommt bereits mit besonderen Veranlagungen und Begabungen zur Welt<\/b>, wie Gerald H\u00fcther und Uli Haus in ihrem Buch <b>\u201eJedes Kind ist hoch begabt\u201c<\/b> sehr eindr\u00fccklich und einf\u00fchlsam darstellen. Jedes Kind sollte eine f\u00fcr seine Bed\u00fcrfnisse angemessene Lebens-, F\u00fchl-, und Lernumwelt haben. Ich <b>unterst\u00fctze alle kleinen und gro\u00dfen Menschen<\/b> darin, jeweils <b>f\u00fcr sie oder ihn passende L\u00f6sungen und Perspektiven zu finden<\/b>. Als besonderer Schwerpunkt meiner Arbeit hat sich dennoch die Unterst\u00fctzung intellektuell hochbegabter Menschen entwickelt. Es gibt viele verschiedene Definitionen, kontroverse Studien und Debatten zu dem Thema.<\/p>\n<p>Wenn Sie sich fragen, <b>ob Ihr Kind intellektuell hochbegabt ist<\/b>, dann k\u00f6nnen Ihnen folgende Fragen helfen:<span class=\"Apple-converted-space\">\u00a0<\/span><\/p>\t\t\t\t\t\t\t\t<\/div>\n\t\t\t\t<\/div>\n\t\t\t\t<div class=\"elementor-element elementor-element-a8c76b0 ob-harakiri-inherit ob-has-background-overlay elementor-widget elementor-widget-text-editor\" data-id=\"a8c76b0\" data-element_type=\"widget\" data-e-type=\"widget\" data-settings=\"{&quot;_ob_use_harakiri&quot;:&quot;yes&quot;,&quot;_ob_harakiri_writing_mode&quot;:&quot;inherit&quot;,&quot;_ob_postman_use&quot;:&quot;no&quot;,&quot;_ob_perspektive_use&quot;:&quot;no&quot;,&quot;_ob_poopart_use&quot;:&quot;yes&quot;,&quot;_ob_shadough_use&quot;:&quot;no&quot;,&quot;_ob_allow_hoveranimator&quot;:&quot;no&quot;,&quot;_ob_widget_stalker_use&quot;:&quot;no&quot;}\" data-widget_type=\"text-editor.default\">\n\t\t\t\t<div class=\"elementor-widget-container\">\n\t\t\t\t\t\t\t\t\t<ul class=\"ul1\">\n<li class=\"li2\">Hat Ihr Kind schon fr\u00fch Fragen nach dem Sinn des Lebens, Gott oder den Tod gestellt?<\/li>\n<li class=\"li2\">Testet Ihr Kind permanent Grenzen aus und akzeptiert diese nur, wenn sie ihm sinnvoll erscheinen?<\/li>\n<li class=\"li2\">Kann Ihr Kind schnell Zusammenh\u00e4nge zwischen verschiedenen Sachverhalten herstellen?<\/li>\n<li class=\"li2\">Verbl\u00fcfft Ihr Kind Sie h\u00e4ufig durch sein gutes Erinnerungsverm\u00f6gen?<\/li>\n<li class=\"li2\">Hat Ihr Kind einen stark ausgepr\u00e4gten Gerechtigkeitssinn?<\/li>\n<li class=\"li2\">Stellt sich Ihr Kind hohe Ziele und ist zutiefst frustriert, wenn es sie nicht schnell genug erreicht?<\/li>\n<li class=\"li2\">Kann Ihr Kind sich lange und intensiv mit einem es interessierenden Sachverhalt besch\u00e4ftigen?<\/li>\n<li class=\"li2\">Ist Ihr Kind ist ein schlechter Verlierer?<\/li>\n<li class=\"li2\">Orientiert sich Ihr Kind eher an \u00e4lteren Kindern oder zieht sich zur\u00fcck?<\/li>\n<li class=\"li2\">Scheint Ihr Kind einen geringen Selbstwert zu haben, obwohl es viel Lob und Zuspruch bekommt?<\/li>\n<li class=\"li2\">Wird Ihr Kind h\u00e4ufig Opfer gleichaltriger gewaltbereiter Kinder ?<\/li>\n<li class=\"li2\">Bringt Ihr Kind Sie und\/ oder andere Bezugspersonen h\u00e4ufig an die Grenzen ihrer Belastbarkeit?<\/li>\n<li class=\"li2\">Fragen Sie sich \u00f6fter, ob sie eigentlich etwas falsch machen?<\/li>\n<\/ul>\t\t\t\t\t\t\t\t<\/div>\n\t\t\t\t<\/div>\n\t\t\t\t<div class=\"elementor-element elementor-element-450f415 ob-harakiri-inherit ob-has-background-overlay elementor-widget elementor-widget-text-editor\" data-id=\"450f415\" data-element_type=\"widget\" data-e-type=\"widget\" data-settings=\"{&quot;_ob_use_harakiri&quot;:&quot;yes&quot;,&quot;_ob_harakiri_writing_mode&quot;:&quot;inherit&quot;,&quot;_ob_postman_use&quot;:&quot;no&quot;,&quot;_ob_perspektive_use&quot;:&quot;no&quot;,&quot;_ob_poopart_use&quot;:&quot;yes&quot;,&quot;_ob_shadough_use&quot;:&quot;no&quot;,&quot;_ob_allow_hoveranimator&quot;:&quot;no&quot;,&quot;_ob_widget_stalker_use&quot;:&quot;no&quot;}\" data-widget_type=\"text-editor.default\">\n\t\t\t\t<div class=\"elementor-widget-container\">\n\t\t\t\t\t\t\t\t\t<div>Sollten Sie mehrere dieser Fragen bejahen, k\u00f6nnte das ein Hinweis auf eine intellektuelle Hochbegabung sein. Fr\u00fches Interesse f\u00fcr Buchstaben und Zahlen sind h\u00e4ufig, aber nicht zwingend f\u00fcr hochbegabte Kinder. Das Schlafbed\u00fcrfnis kann gering, aber auch sehr hoch sein. Letztendliche Sicherheit \u00fcber intellektuelle Hochbegabung gibt nur ein entsprechender Test. Wer sich weiterf\u00fchrend mit dem Thema befassen m\u00f6chte, sei hier auf die sehr informative Website der <a href=\"http:\/\/www.karg-stiftung.de\" target=\"_blank\" rel=\"noopener\">KARG-Stiftung<\/a> verwiesen.<\/div>\n<div>&nbsp;<\/div>\n<p class=\"p3\"><span style=\"color: var( --e-global-color-text );\">Mir ist es ein Anliegen:<\/span><span class=\"Apple-converted-space\" style=\"color: var( --e-global-color-text );\">&nbsp;<\/span><\/p>\n<ul class=\"ul1\">\n<li class=\"li2\">intellektuell hochbegabte Kinder und Erwachsene darin zu unterst\u00fctzen, <b>sich selbst besser zu verstehen<\/b> und <b>Probleme und Schwierigkeiten zu l\u00f6sen<\/b> und au\u00dferdem,<\/li>\n<li class=\"li2\">mehr <b>Verst\u00e4ndnis<\/b> und einen <b>unverkrampften, wertsch\u00e4tzenden Umgang<\/b> der wichtigen <b>Bezugspersonen<\/b> und des <b>sozialen Umfelds im Allgemeinen<\/b> mit diesen Menschen, zu f\u00f6rdern.<\/li>\n<\/ul>\n<p class=\"p2\"><br><\/p><p class=\"p2\">Ich biete <b>Vortr\u00e4ge, Kurse und Seminare<\/b> zu diesem Themenbereich an. Auf Nachfrage passe ich mein Angebot auf Ihr Anliegen\/ Themenbereich\/ Zielgruppe an. Folgende Veranstaltungen finden regelm\u00e4\u00dfig statt:<span class=\"Apple-converted-space\">&nbsp;<\/span><\/p>\n<ul class=\"ul1\">\n<li class=\"li2\"><span class=\"s3\"><b>\u201eCoaching f\u00fcr Eltern hochbegabter Kinder\u201c<\/b><\/span> \u201eDas Coaching wendet sich an Eltern, die sich Unterst\u00fctzung im Umgang mit Ihrem cleveren Kind (getestet oder nicht) w\u00fcnschen. Im Mittelpunkt stehen vor allem die emotionalen und sozialen Bed\u00fcrfnisse der Kinder und die Konsequenzen von Hochbegabung f\u00fcr die Erziehung.\u201c <a href=\"https:\/\/praxis-backhaus.de\/wordpress\/wp-content\/uploads\/2020\/07\/Eigensinnig-originell-und-ziemlich-clever.pdf\" target=\"_blank\" rel=\"noopener\">Mehr&#8230;&nbsp;<\/a><\/li>\n<li class=\"li2\"><span class=\"s3\"><b>\u201eWie schrecklich-sch\u00f6n! &#8211; Ein hochbegabtes Kind\u201c<\/b><\/span> Hochbegabte Kinder und ihre Familien kompetent und gelassen unterst\u00fctzen. <b>Seminar f\u00fcr p\u00e4dagogische und therapeutische Fachkr\u00e4fte<\/b>, die nach neuen Perspektiven im Umgang mit hochbegabten Kindern und ihren Familien suchen. <a href=\"https:\/\/praxis-backhaus.de\/wordpress\/wp-content\/uploads\/2020\/07\/Hochbegabt-und-gluecklich.pdf\" target=\"_blank\" rel=\"noopener\">Mehr &#8230;<\/a><\/li>\n<li class=\"li2\"><span class=\"s3\"><b>\u201eHochbegabt und gl\u00fccklich\u201c<\/b><\/span> Ank\u00fcndigungsbeispiel f\u00fcr einen <b>Vortrag<\/b> zum Thema: <a href=\"https:\/\/praxis-backhaus.de\/wordpress\/wp-content\/uploads\/2020\/07\/Hochbegabt-und-gluecklich.pdf\" target=\"_blank\" rel=\"noopener\">Mehr&#8230;&nbsp;<\/a><\/li>\n<\/ul>\t\t\t\t\t\t\t\t<\/div>\n\t\t\t\t<\/div>\n\t\t\t\t\t<\/div>\n\t\t<\/div>\n\t\t\t\t<div class=\"elementor-column elementor-col-50 elementor-top-column elementor-element elementor-element-3c8ae6d3\" data-id=\"3c8ae6d3\" data-element_type=\"column\" data-e-type=\"column\" data-settings=\"{&quot;background_background&quot;:&quot;classic&quot;,&quot;_ob_bbad_is_stalker&quot;:&quot;no&quot;,&quot;_ob_teleporter_use&quot;:false,&quot;_ob_column_hoveranimator&quot;:&quot;no&quot;,&quot;_ob_column_has_pseudo&quot;:&quot;no&quot;}\">\n\t\t\t<div class=\"elementor-widget-wrap elementor-element-populated\">\n\t\t\t\t\t\t<div class=\"elementor-element elementor-element-529d991 ob-has-background-overlay elementor-widget elementor-widget-image\" data-id=\"529d991\" data-element_type=\"widget\" data-e-type=\"widget\" data-settings=\"{&quot;_ob_photomorph_use&quot;:&quot;no&quot;,&quot;_ob_perspektive_use&quot;:&quot;no&quot;,&quot;_ob_poopart_use&quot;:&quot;yes&quot;,&quot;_ob_shadough_use&quot;:&quot;no&quot;,&quot;_ob_allow_hoveranimator&quot;:&quot;no&quot;,&quot;_ob_widget_stalker_use&quot;:&quot;no&quot;}\" data-widget_type=\"image.default\">\n\t\t\t\t<div class=\"elementor-widget-container\">\n\t\t\t\t\t\t\t\t\t\t\t\t\t\t\t<img fetchpriority=\"high\" decoding=\"async\" width=\"334\" height=\"251\" src=\"https:\/\/praxis-backhaus.de\/wordpress\/wp-content\/uploads\/2020\/07\/katzefisch.jpg\" class=\"attachment-large size-large wp-image-1228\" alt=\"\" srcset=\"https:\/\/praxis-backhaus.de\/wordpress\/wp-content\/uploads\/2020\/07\/katzefisch.jpg 334w, https:\/\/praxis-backhaus.de\/wordpress\/wp-content\/uploads\/2020\/07\/katzefisch-300x225.jpg 300w\" sizes=\"(max-width: 334px) 100vw, 334px\" \/>\t\t\t\t\t\t\t\t\t\t\t\t\t\t\t<\/div>\n\t\t\t\t<\/div>\n\t\t\t\t<div class=\"elementor-element elementor-element-e180cf9 ob-has-background-overlay elementor-widget elementor-widget-image\" data-id=\"e180cf9\" data-element_type=\"widget\" data-e-type=\"widget\" data-settings=\"{&quot;_ob_photomorph_use&quot;:&quot;no&quot;,&quot;_ob_perspektive_use&quot;:&quot;no&quot;,&quot;_ob_poopart_use&quot;:&quot;yes&quot;,&quot;_ob_shadough_use&quot;:&quot;no&quot;,&quot;_ob_allow_hoveranimator&quot;:&quot;no&quot;,&quot;_ob_widget_stalker_use&quot;:&quot;no&quot;}\" data-widget_type=\"image.default\">\n\t\t\t\t<div class=\"elementor-widget-container\">\n\t\t\t\t\t\t\t\t\t\t\t\t\t\t\t<img decoding=\"async\" width=\"800\" height=\"600\" src=\"https:\/\/praxis-backhaus.de\/wordpress\/wp-content\/uploads\/2020\/07\/marble-393356-1024x768.jpg\" class=\"attachment-large size-large wp-image-631\" alt=\"\" srcset=\"https:\/\/praxis-backhaus.de\/wordpress\/wp-content\/uploads\/2020\/07\/marble-393356-1024x768.jpg 1024w, https:\/\/praxis-backhaus.de\/wordpress\/wp-content\/uploads\/2020\/07\/marble-393356-300x225.jpg 300w, https:\/\/praxis-backhaus.de\/wordpress\/wp-content\/uploads\/2020\/07\/marble-393356-768x576.jpg 768w, https:\/\/praxis-backhaus.de\/wordpress\/wp-content\/uploads\/2020\/07\/marble-393356.jpg 1067w\" sizes=\"(max-width: 800px) 100vw, 800px\" \/>\t\t\t\t\t\t\t\t\t\t\t\t\t\t\t<\/div>\n\t\t\t\t<\/div>\n\t\t\t\t\t<\/div>\n\t\t<\/div>\n\t\t\t\t\t<\/div>\n\t\t<\/section>\n\t\t\t\t<\/div>\n\t\t","protected":false},"excerpt":{"rendered":"<p>Unterst\u00fctzung bei Schwierigkeiten im Zusammenhang mit intellektueller Hochbegabung Jedes Kind kommt bereits mit besonderen Veranlagungen und Begabungen zur Welt, wie Gerald H\u00fcther und Uli Haus in ihrem Buch \u201eJedes Kind ist hoch begabt\u201c sehr eindr\u00fccklich und einf\u00fchlsam darstellen. Jedes Kind sollte eine f\u00fcr seine Bed\u00fcrfnisse angemessene Lebens-, F\u00fchl-, und Lernumwelt haben. Ich unterst\u00fctze alle kleinen [&hellip;]<\/p>\n","protected":false},"author":1,"featured_media":1228,"comment_status":"closed","ping_status":"open","sticky":false,"template":"","format":"standard","meta":{"footnotes":""},"categories":[12],"tags":[],"class_list":["post-157","post","type-post","status-publish","format-standard","has-post-thumbnail","hentry","category-supervision-und-weiterbildung"],"_links":{"self":[{"href":"https:\/\/praxis-backhaus.de\/wordpress\/wp-json\/wp\/v2\/posts\/157","targetHints":{"allow":["GET"]}}],"collection":[{"href":"https:\/\/praxis-backhaus.de\/wordpress\/wp-json\/wp\/v2\/posts"}],"about":[{"href":"https:\/\/praxis-backhaus.de\/wordpress\/wp-json\/wp\/v2\/types\/post"}],"author":[{"embeddable":true,"href":"https:\/\/praxis-backhaus.de\/wordpress\/wp-json\/wp\/v2\/users\/1"}],"replies":[{"embeddable":true,"href":"https:\/\/praxis-backhaus.de\/wordpress\/wp-json\/wp\/v2\/comments?post=157"}],"version-history":[{"count":44,"href":"https:\/\/praxis-backhaus.de\/wordpress\/wp-json\/wp\/v2\/posts\/157\/revisions"}],"predecessor-version":[{"id":1621,"href":"https:\/\/praxis-backhaus.de\/wordpress\/wp-json\/wp\/v2\/posts\/157\/revisions\/1621"}],"wp:featuredmedia":[{"embeddable":true,"href":"https:\/\/praxis-backhaus.de\/wordpress\/wp-json\/wp\/v2\/media\/1228"}],"wp:attachment":[{"href":"https:\/\/praxis-backhaus.de\/wordpress\/wp-json\/wp\/v2\/media?parent=157"}],"wp:term":[{"taxonomy":"category","embeddable":true,"href":"https:\/\/praxis-backhaus.de\/wordpress\/wp-json\/wp\/v2\/categories?post=157"},{"taxonomy":"post_tag","embeddable":true,"href":"https:\/\/praxis-backhaus.de\/wordpress\/wp-json\/wp\/v2\/tags?post=157"}],"curies":[{"name":"wp","href":"https:\/\/api.w.org\/{rel}","templated":true}]}}